{"id":9764,"date":"2023-07-16T14:42:54","date_gmt":"2023-07-16T12:42:54","guid":{"rendered":"https:\/\/vsmatzen-raggendorf.ac.at\/?p=9764"},"modified":"2023-07-16T14:42:54","modified_gmt":"2023-07-16T12:42:54","slug":"wortgottesdienst-zum-schulschluss","status":"publish","type":"post","link":"https:\/\/vsmatzen-raggendorf.ac.at\/?p=9764","title":{"rendered":"Wortgottesdienst zum Schulschluss"},"content":{"rendered":"<p>Am 29.6. feierten die r\u00f6m.&nbsp; kath. Sch\u00fclerInnen ihren Abschlussgottesdienst zum Thema: \u201eGott hat uns seine Welt geschenkt\u201c. Geleitet wurde er von Hr. Diakon Thaller. Die Texte und Lieder zeichneten eine Br\u00fccke von der Dankbarkeit \u00fcber die Sch\u00f6pfung hin zum verantwortungsvollen Umgang mit ihr. Dazu durften sich die Mitfeiernden am Ende der Feier ein Blumenwiesensamens\u00e4ckchen mitnehmen.<\/p>\n<p>Die Kinder der 4. Klassen wurden mit Gottes Segen hinaus auf ihren neuen schulischen Weg entlassen.<\/p>\nngg_shortcode_0_placeholder\n","protected":false},"excerpt":{"rendered":"<p>Am 29.6. feierten die r\u00f6m.&nbsp; kath. Sch\u00fclerInnen ihren Abschlussgottesdienst zum Thema: \u201eGott hat uns seine Welt geschenkt\u201c. Geleitet wurde er von Hr. Diakon Thaller. Die Texte und Lieder zeichneten eine Br\u00fccke von der Dankbarkeit \u00fcber die Sch\u00f6pfung hin zum verantwortungsvollen Umgang mit ihr. Dazu durften sich die Mitfeiernden am Ende der Feier ein Blumenwiesensamens\u00e4ckchen mitnehmen. [&hellip;]<\/p>\n","protected":false},"author":10,"featured_media":0,"comment_status":"closed","ping_status":"closed","sticky":false,"template":"","format":"standard","meta":{"ngg_post_thumbnail":0,"footnotes":""},"categories":[1],"tags":[],"class_list":["post-9764","post","type-post","status-publish","format-standard","hentry","category-allgemein"],"_links":{"self":[{"href":"https:\/\/vsmatzen-raggendorf.ac.at\/index.php?rest_route=\/wp\/v2\/posts\/9764"}],"collection":[{"href":"https:\/\/vsmatzen-raggendorf.ac.at\/index.php?rest_route=\/wp\/v2\/posts"}],"about":[{"href":"https:\/\/vsmatzen-raggendorf.ac.at\/index.php?rest_route=\/wp\/v2\/types\/post"}],"author":[{"embeddable":true,"href":"https:\/\/vsmatzen-raggendorf.ac.at\/index.php?rest_route=\/wp\/v2\/users\/10"}],"replies":[{"embeddable":true,"href":"https:\/\/vsmatzen-raggendorf.ac.at\/index.php?rest_route=%2Fwp%2Fv2%2Fcomments&post=9764"}],"version-history":[{"count":1,"href":"https:\/\/vsmatzen-raggendorf.ac.at\/index.php?rest_route=\/wp\/v2\/posts\/9764\/revisions"}],"predecessor-version":[{"id":9776,"href":"https:\/\/vsmatzen-raggendorf.ac.at\/index.php?rest_route=\/wp\/v2\/posts\/9764\/revisions\/9776"}],"wp:attachment":[{"href":"https:\/\/vsmatzen-raggendorf.ac.at\/index.php?rest_route=%2Fwp%2Fv2%2Fmedia&parent=9764"}],"wp:term":[{"taxonomy":"category","embeddable":true,"href":"https:\/\/vsmatzen-raggendorf.ac.at\/index.php?rest_route=%2Fwp%2Fv2%2Fcategories&post=9764"},{"taxonomy":"post_tag","embeddable":true,"href":"https:\/\/vsmatzen-raggendorf.ac.at\/index.php?rest_route=%2Fwp%2Fv2%2Ftags&post=9764"}],"curies":[{"name":"wp","href":"https:\/\/api.w.org\/{rel}","templated":true}]}}