{"id":9704,"date":"2023-06-13T14:34:30","date_gmt":"2023-06-13T12:34:30","guid":{"rendered":"https:\/\/vsmatzen-raggendorf.ac.at\/?p=9704"},"modified":"2023-06-13T14:37:06","modified_gmt":"2023-06-13T12:37:06","slug":"ausflug-nach-raggendorf","status":"publish","type":"post","link":"https:\/\/vsmatzen-raggendorf.ac.at\/?p=9704","title":{"rendered":"Ausflug nach Raggendorf"},"content":{"rendered":"<p><strong>Schritt f\u00fcr Schritt die Natur entdecken!<\/strong><\/p>\n<p>Unter diesem Titel machten sich die Sch\u00fclerInnen der 3. und 4. Klassen am 31.5.23 bei wunderbaren Wanderwetter auf den Weg nach Raggendorf.<\/p>\n<p>Die r\u00f6m. kath. Sch\u00fclerInnen starteten diesen Weg als Wallfahrt&nbsp; mit einem Bittgebet an der Josefsstatue und dankten Gott&nbsp; an der Hubertuskapelle f\u00fcr seine wunderbare Sch\u00f6pfung.<\/p>\n<p>In der Raggendorfer Kirche, am Marienaltar, schlossen sie ihren Gebetsweg mit einer kurzen Rosenkranzandacht und einem Segensgebet ab.<\/p>\n<p>Die andersgl\u00e4ubigen Sch\u00fclerInnen hatten dabei die M\u00f6glichkeit, im Zuschauen und Zuh\u00f6ren, die christliche Wallfahrtstradition kennen zu lernen.<\/p>\n<p>Gut gelaunt erreichten dann alle wieder die Volksschule!<\/p>\nngg_shortcode_0_placeholder\n","protected":false},"excerpt":{"rendered":"<p>Schritt f\u00fcr Schritt die Natur entdecken! Unter diesem Titel machten sich die Sch\u00fclerInnen der 3. und 4. Klassen am 31.5.23 bei wunderbaren Wanderwetter auf den Weg nach Raggendorf. Die r\u00f6m. kath. Sch\u00fclerInnen starteten diesen Weg als Wallfahrt&nbsp; mit einem Bittgebet an der Josefsstatue und dankten Gott&nbsp; an der Hubertuskapelle f\u00fcr seine wunderbare Sch\u00f6pfung. In der [&hellip;]<\/p>\n","protected":false},"author":10,"featured_media":0,"comment_status":"closed","ping_status":"closed","sticky":false,"template":"","format":"standard","meta":{"ngg_post_thumbnail":0,"footnotes":""},"categories":[1],"tags":[],"class_list":["post-9704","post","type-post","status-publish","format-standard","hentry","category-allgemein"],"_links":{"self":[{"href":"https:\/\/vsmatzen-raggendorf.ac.at\/index.php?rest_route=\/wp\/v2\/posts\/9704"}],"collection":[{"href":"https:\/\/vsmatzen-raggendorf.ac.at\/index.php?rest_route=\/wp\/v2\/posts"}],"about":[{"href":"https:\/\/vsmatzen-raggendorf.ac.at\/index.php?rest_route=\/wp\/v2\/types\/post"}],"author":[{"embeddable":true,"href":"https:\/\/vsmatzen-raggendorf.ac.at\/index.php?rest_route=\/wp\/v2\/users\/10"}],"replies":[{"embeddable":true,"href":"https:\/\/vsmatzen-raggendorf.ac.at\/index.php?rest_route=%2Fwp%2Fv2%2Fcomments&post=9704"}],"version-history":[{"count":2,"href":"https:\/\/vsmatzen-raggendorf.ac.at\/index.php?rest_route=\/wp\/v2\/posts\/9704\/revisions"}],"predecessor-version":[{"id":9706,"href":"https:\/\/vsmatzen-raggendorf.ac.at\/index.php?rest_route=\/wp\/v2\/posts\/9704\/revisions\/9706"}],"wp:attachment":[{"href":"https:\/\/vsmatzen-raggendorf.ac.at\/index.php?rest_route=%2Fwp%2Fv2%2Fmedia&parent=9704"}],"wp:term":[{"taxonomy":"category","embeddable":true,"href":"https:\/\/vsmatzen-raggendorf.ac.at\/index.php?rest_route=%2Fwp%2Fv2%2Fcategories&post=9704"},{"taxonomy":"post_tag","embeddable":true,"href":"https:\/\/vsmatzen-raggendorf.ac.at\/index.php?rest_route=%2Fwp%2Fv2%2Ftags&post=9704"}],"curies":[{"name":"wp","href":"https:\/\/api.w.org\/{rel}","templated":true}]}}