{"id":9592,"date":"2022-11-29T15:52:12","date_gmt":"2022-11-29T13:52:12","guid":{"rendered":"https:\/\/vsmatzen-raggendorf.ac.at\/?p=9592"},"modified":"2022-11-29T15:52:12","modified_gmt":"2022-11-29T13:52:12","slug":"adventkranzsegnung","status":"publish","type":"post","link":"https:\/\/vsmatzen-raggendorf.ac.at\/?p=9592","title":{"rendered":"Adventkranzsegnung"},"content":{"rendered":"<p>Am 28.11. segnete Hr. Diakon Thaller in unserer Schule die Adventkr\u00e4nze, die uns der Elternverein auch heuer wieder f\u00fcr jede Klasse spendete.<\/p>\n<p>Wir bedanken uns herzlich daf\u00fcr!<\/p>\n<p>&nbsp;<\/p>\n<p><img loading=\"lazy\" decoding=\"async\" class=\"alignnone size-medium wp-image-9593\" src=\"https:\/\/vsmatzen-raggendorf.ac.at\/wp-content\/uploads\/2022\/11\/20221128_075233-300x225.jpg\" alt=\"\" width=\"300\" height=\"225\" srcset=\"https:\/\/vsmatzen-raggendorf.ac.at\/wp-content\/uploads\/2022\/11\/20221128_075233-300x225.jpg 300w, https:\/\/vsmatzen-raggendorf.ac.at\/wp-content\/uploads\/2022\/11\/20221128_075233-1024x768.jpg 1024w, https:\/\/vsmatzen-raggendorf.ac.at\/wp-content\/uploads\/2022\/11\/20221128_075233-768x576.jpg 768w, https:\/\/vsmatzen-raggendorf.ac.at\/wp-content\/uploads\/2022\/11\/20221128_075233-1536x1152.jpg 1536w, https:\/\/vsmatzen-raggendorf.ac.at\/wp-content\/uploads\/2022\/11\/20221128_075233-2048x1536.jpg 2048w\" sizes=\"(max-width: 300px) 100vw, 300px\" \/> <img loading=\"lazy\" decoding=\"async\" class=\"alignnone size-medium wp-image-9594\" src=\"https:\/\/vsmatzen-raggendorf.ac.at\/wp-content\/uploads\/2022\/11\/20221128_080052-300x225.jpg\" alt=\"\" width=\"300\" height=\"225\" srcset=\"https:\/\/vsmatzen-raggendorf.ac.at\/wp-content\/uploads\/2022\/11\/20221128_080052-300x225.jpg 300w, https:\/\/vsmatzen-raggendorf.ac.at\/wp-content\/uploads\/2022\/11\/20221128_080052-1024x768.jpg 1024w, https:\/\/vsmatzen-raggendorf.ac.at\/wp-content\/uploads\/2022\/11\/20221128_080052-768x576.jpg 768w, https:\/\/vsmatzen-raggendorf.ac.at\/wp-content\/uploads\/2022\/11\/20221128_080052-1536x1152.jpg 1536w, https:\/\/vsmatzen-raggendorf.ac.at\/wp-content\/uploads\/2022\/11\/20221128_080052-2048x1536.jpg 2048w\" sizes=\"(max-width: 300px) 100vw, 300px\" \/> <img loading=\"lazy\" decoding=\"async\" class=\"alignnone size-medium wp-image-9595\" src=\"https:\/\/vsmatzen-raggendorf.ac.at\/wp-content\/uploads\/2022\/11\/20221128_080438-300x225.jpg\" alt=\"\" width=\"300\" height=\"225\" srcset=\"https:\/\/vsmatzen-raggendorf.ac.at\/wp-content\/uploads\/2022\/11\/20221128_080438-300x225.jpg 300w, https:\/\/vsmatzen-raggendorf.ac.at\/wp-content\/uploads\/2022\/11\/20221128_080438-1024x768.jpg 1024w, https:\/\/vsmatzen-raggendorf.ac.at\/wp-content\/uploads\/2022\/11\/20221128_080438-768x576.jpg 768w, https:\/\/vsmatzen-raggendorf.ac.at\/wp-content\/uploads\/2022\/11\/20221128_080438-1536x1152.jpg 1536w, https:\/\/vsmatzen-raggendorf.ac.at\/wp-content\/uploads\/2022\/11\/20221128_080438-2048x1536.jpg 2048w\" sizes=\"(max-width: 300px) 100vw, 300px\" \/> <img loading=\"lazy\" decoding=\"async\" class=\"alignnone size-medium wp-image-9596\" src=\"https:\/\/vsmatzen-raggendorf.ac.at\/wp-content\/uploads\/2022\/11\/20221128_080627-300x225.jpg\" alt=\"\" width=\"300\" height=\"225\" srcset=\"https:\/\/vsmatzen-raggendorf.ac.at\/wp-content\/uploads\/2022\/11\/20221128_080627-300x225.jpg 300w, https:\/\/vsmatzen-raggendorf.ac.at\/wp-content\/uploads\/2022\/11\/20221128_080627-1024x768.jpg 1024w, https:\/\/vsmatzen-raggendorf.ac.at\/wp-content\/uploads\/2022\/11\/20221128_080627-768x576.jpg 768w, https:\/\/vsmatzen-raggendorf.ac.at\/wp-content\/uploads\/2022\/11\/20221128_080627-1536x1152.jpg 1536w, https:\/\/vsmatzen-raggendorf.ac.at\/wp-content\/uploads\/2022\/11\/20221128_080627-2048x1536.jpg 2048w\" sizes=\"(max-width: 300px) 100vw, 300px\" \/> <img loading=\"lazy\" decoding=\"async\" class=\"alignnone size-medium wp-image-9597\" src=\"https:\/\/vsmatzen-raggendorf.ac.at\/wp-content\/uploads\/2022\/11\/20221128_080757-300x225.jpg\" alt=\"\" width=\"300\" height=\"225\" srcset=\"https:\/\/vsmatzen-raggendorf.ac.at\/wp-content\/uploads\/2022\/11\/20221128_080757-300x225.jpg 300w, https:\/\/vsmatzen-raggendorf.ac.at\/wp-content\/uploads\/2022\/11\/20221128_080757-1024x768.jpg 1024w, https:\/\/vsmatzen-raggendorf.ac.at\/wp-content\/uploads\/2022\/11\/20221128_080757-768x576.jpg 768w, https:\/\/vsmatzen-raggendorf.ac.at\/wp-content\/uploads\/2022\/11\/20221128_080757-1536x1152.jpg 1536w, https:\/\/vsmatzen-raggendorf.ac.at\/wp-content\/uploads\/2022\/11\/20221128_080757-2048x1536.jpg 2048w\" sizes=\"(max-width: 300px) 100vw, 300px\" \/> <img loading=\"lazy\" decoding=\"async\" class=\"alignnone size-medium wp-image-9598\" src=\"https:\/\/vsmatzen-raggendorf.ac.at\/wp-content\/uploads\/2022\/11\/20221128_080849-225x300.jpg\" alt=\"\" width=\"225\" height=\"300\" srcset=\"https:\/\/vsmatzen-raggendorf.ac.at\/wp-content\/uploads\/2022\/11\/20221128_080849-225x300.jpg 225w, https:\/\/vsmatzen-raggendorf.ac.at\/wp-content\/uploads\/2022\/11\/20221128_080849-768x1024.jpg 768w, https:\/\/vsmatzen-raggendorf.ac.at\/wp-content\/uploads\/2022\/11\/20221128_080849-1152x1536.jpg 1152w, https:\/\/vsmatzen-raggendorf.ac.at\/wp-content\/uploads\/2022\/11\/20221128_080849-1536x2048.jpg 1536w, https:\/\/vsmatzen-raggendorf.ac.at\/wp-content\/uploads\/2022\/11\/20221128_080849-scaled.jpg 1920w\" sizes=\"(max-width: 225px) 100vw, 225px\" \/> <img loading=\"lazy\" decoding=\"async\" class=\"alignnone size-medium wp-image-9599\" src=\"https:\/\/vsmatzen-raggendorf.ac.at\/wp-content\/uploads\/2022\/11\/20221128_082011-300x225.jpg\" alt=\"\" width=\"300\" height=\"225\" srcset=\"https:\/\/vsmatzen-raggendorf.ac.at\/wp-content\/uploads\/2022\/11\/20221128_082011-300x225.jpg 300w, https:\/\/vsmatzen-raggendorf.ac.at\/wp-content\/uploads\/2022\/11\/20221128_082011-1024x768.jpg 1024w, https:\/\/vsmatzen-raggendorf.ac.at\/wp-content\/uploads\/2022\/11\/20221128_082011-768x576.jpg 768w, https:\/\/vsmatzen-raggendorf.ac.at\/wp-content\/uploads\/2022\/11\/20221128_082011-1536x1152.jpg 1536w, https:\/\/vsmatzen-raggendorf.ac.at\/wp-content\/uploads\/2022\/11\/20221128_082011-2048x1536.jpg 2048w\" sizes=\"(max-width: 300px) 100vw, 300px\" \/> <img loading=\"lazy\" decoding=\"async\" class=\"alignnone size-medium wp-image-9600\" src=\"https:\/\/vsmatzen-raggendorf.ac.at\/wp-content\/uploads\/2022\/11\/20221128_082839-300x225.jpg\" alt=\"\" width=\"300\" height=\"225\" srcset=\"https:\/\/vsmatzen-raggendorf.ac.at\/wp-content\/uploads\/2022\/11\/20221128_082839-300x225.jpg 300w, https:\/\/vsmatzen-raggendorf.ac.at\/wp-content\/uploads\/2022\/11\/20221128_082839-1024x768.jpg 1024w, https:\/\/vsmatzen-raggendorf.ac.at\/wp-content\/uploads\/2022\/11\/20221128_082839-768x576.jpg 768w, https:\/\/vsmatzen-raggendorf.ac.at\/wp-content\/uploads\/2022\/11\/20221128_082839-1536x1152.jpg 1536w, https:\/\/vsmatzen-raggendorf.ac.at\/wp-content\/uploads\/2022\/11\/20221128_082839-2048x1536.jpg 2048w\" sizes=\"(max-width: 300px) 100vw, 300px\" \/><\/p>\n","protected":false},"excerpt":{"rendered":"<p>Am 28.11. segnete Hr. Diakon Thaller in unserer Schule die Adventkr\u00e4nze, die uns der Elternverein auch heuer wieder f\u00fcr jede Klasse spendete. Wir bedanken uns herzlich daf\u00fcr! &nbsp;<\/p>\n","protected":false},"author":10,"featured_media":0,"comment_status":"closed","ping_status":"closed","sticky":false,"template":"","format":"standard","meta":{"ngg_post_thumbnail":0,"footnotes":""},"categories":[1],"tags":[],"class_list":["post-9592","post","type-post","status-publish","format-standard","hentry","category-allgemein"],"_links":{"self":[{"href":"https:\/\/vsmatzen-raggendorf.ac.at\/index.php?rest_route=\/wp\/v2\/posts\/9592"}],"collection":[{"href":"https:\/\/vsmatzen-raggendorf.ac.at\/index.php?rest_route=\/wp\/v2\/posts"}],"about":[{"href":"https:\/\/vsmatzen-raggendorf.ac.at\/index.php?rest_route=\/wp\/v2\/types\/post"}],"author":[{"embeddable":true,"href":"https:\/\/vsmatzen-raggendorf.ac.at\/index.php?rest_route=\/wp\/v2\/users\/10"}],"replies":[{"embeddable":true,"href":"https:\/\/vsmatzen-raggendorf.ac.at\/index.php?rest_route=%2Fwp%2Fv2%2Fcomments&post=9592"}],"version-history":[{"count":2,"href":"https:\/\/vsmatzen-raggendorf.ac.at\/index.php?rest_route=\/wp\/v2\/posts\/9592\/revisions"}],"predecessor-version":[{"id":9602,"href":"https:\/\/vsmatzen-raggendorf.ac.at\/index.php?rest_route=\/wp\/v2\/posts\/9592\/revisions\/9602"}],"wp:attachment":[{"href":"https:\/\/vsmatzen-raggendorf.ac.at\/index.php?rest_route=%2Fwp%2Fv2%2Fmedia&parent=9592"}],"wp:term":[{"taxonomy":"category","embeddable":true,"href":"https:\/\/vsmatzen-raggendorf.ac.at\/index.php?rest_route=%2Fwp%2Fv2%2Fcategories&post=9592"},{"taxonomy":"post_tag","embeddable":true,"href":"https:\/\/vsmatzen-raggendorf.ac.at\/index.php?rest_route=%2Fwp%2Fv2%2Ftags&post=9592"}],"curies":[{"name":"wp","href":"https:\/\/api.w.org\/{rel}","templated":true}]}}