{"id":9544,"date":"2022-07-15T09:30:56","date_gmt":"2022-07-15T07:30:56","guid":{"rendered":"https:\/\/vsmatzen-raggendorf.ac.at\/?p=9544"},"modified":"2022-07-15T09:30:56","modified_gmt":"2022-07-15T07:30:56","slug":"lesenacht-mit-vamperl","status":"publish","type":"post","link":"https:\/\/vsmatzen-raggendorf.ac.at\/?p=9544","title":{"rendered":"Lesenacht mit Vamperl"},"content":{"rendered":"<p>In der vorletzten Schulwoche erlebten die 4. Klassen noch eine Vampirlesenacht in der Schule.<\/p>\n<p>Nachdem die Geschichte von \u201eVamperls Sohn\u201c begonnen wurde, a\u00dfen die Kinder eine selbstgemachte Pizza auf der Dachterrasse. In der Nacht schliefen sie dann ausgezeichnet in ihren Schlafs\u00e4cken in der Klasse.<\/p>\n<p>Am n\u00e4chsten Morgen wurde nach einem kr\u00e4ftigen Fr\u00fchst\u00fcck die Geschichte weitergelesen.<\/p>\n<p>Danke an die Eltern f\u00fcr die Verpflegung am n\u00e4chsten Tag.<\/p>\n<p><img loading=\"lazy\" decoding=\"async\" class=\"alignnone size-medium wp-image-9545\" src=\"https:\/\/vsmatzen-raggendorf.ac.at\/wp-content\/uploads\/2022\/07\/20220623_191705-300x138.jpg\" alt=\"\" width=\"300\" height=\"138\" srcset=\"https:\/\/vsmatzen-raggendorf.ac.at\/wp-content\/uploads\/2022\/07\/20220623_191705-300x138.jpg 300w, https:\/\/vsmatzen-raggendorf.ac.at\/wp-content\/uploads\/2022\/07\/20220623_191705-1024x472.jpg 1024w, https:\/\/vsmatzen-raggendorf.ac.at\/wp-content\/uploads\/2022\/07\/20220623_191705-768x354.jpg 768w, https:\/\/vsmatzen-raggendorf.ac.at\/wp-content\/uploads\/2022\/07\/20220623_191705-1536x708.jpg 1536w, https:\/\/vsmatzen-raggendorf.ac.at\/wp-content\/uploads\/2022\/07\/20220623_191705-2048x944.jpg 2048w\" sizes=\"(max-width: 300px) 100vw, 300px\" \/> <img loading=\"lazy\" decoding=\"async\" class=\"alignnone size-medium wp-image-9546\" src=\"https:\/\/vsmatzen-raggendorf.ac.at\/wp-content\/uploads\/2022\/07\/20220623_193752-300x138.jpg\" alt=\"\" width=\"300\" height=\"138\" srcset=\"https:\/\/vsmatzen-raggendorf.ac.at\/wp-content\/uploads\/2022\/07\/20220623_193752-300x138.jpg 300w, https:\/\/vsmatzen-raggendorf.ac.at\/wp-content\/uploads\/2022\/07\/20220623_193752-1024x472.jpg 1024w, https:\/\/vsmatzen-raggendorf.ac.at\/wp-content\/uploads\/2022\/07\/20220623_193752-768x354.jpg 768w, https:\/\/vsmatzen-raggendorf.ac.at\/wp-content\/uploads\/2022\/07\/20220623_193752-1536x708.jpg 1536w, https:\/\/vsmatzen-raggendorf.ac.at\/wp-content\/uploads\/2022\/07\/20220623_193752-2048x944.jpg 2048w\" sizes=\"(max-width: 300px) 100vw, 300px\" \/> <img loading=\"lazy\" decoding=\"async\" class=\"alignnone size-medium wp-image-9547\" src=\"https:\/\/vsmatzen-raggendorf.ac.at\/wp-content\/uploads\/2022\/07\/20220623_201414-300x138.jpg\" alt=\"\" width=\"300\" height=\"138\" srcset=\"https:\/\/vsmatzen-raggendorf.ac.at\/wp-content\/uploads\/2022\/07\/20220623_201414-300x138.jpg 300w, https:\/\/vsmatzen-raggendorf.ac.at\/wp-content\/uploads\/2022\/07\/20220623_201414-1024x472.jpg 1024w, https:\/\/vsmatzen-raggendorf.ac.at\/wp-content\/uploads\/2022\/07\/20220623_201414-768x354.jpg 768w, https:\/\/vsmatzen-raggendorf.ac.at\/wp-content\/uploads\/2022\/07\/20220623_201414-1536x708.jpg 1536w, https:\/\/vsmatzen-raggendorf.ac.at\/wp-content\/uploads\/2022\/07\/20220623_201414-2048x944.jpg 2048w\" sizes=\"(max-width: 300px) 100vw, 300px\" \/> <img loading=\"lazy\" decoding=\"async\" class=\"alignnone size-medium wp-image-9548\" src=\"https:\/\/vsmatzen-raggendorf.ac.at\/wp-content\/uploads\/2022\/07\/20220623_205540-300x138.jpg\" alt=\"\" width=\"300\" height=\"138\" srcset=\"https:\/\/vsmatzen-raggendorf.ac.at\/wp-content\/uploads\/2022\/07\/20220623_205540-300x138.jpg 300w, https:\/\/vsmatzen-raggendorf.ac.at\/wp-content\/uploads\/2022\/07\/20220623_205540-1024x472.jpg 1024w, https:\/\/vsmatzen-raggendorf.ac.at\/wp-content\/uploads\/2022\/07\/20220623_205540-768x354.jpg 768w, https:\/\/vsmatzen-raggendorf.ac.at\/wp-content\/uploads\/2022\/07\/20220623_205540-1536x708.jpg 1536w, https:\/\/vsmatzen-raggendorf.ac.at\/wp-content\/uploads\/2022\/07\/20220623_205540-2048x944.jpg 2048w\" sizes=\"(max-width: 300px) 100vw, 300px\" \/> <img loading=\"lazy\" decoding=\"async\" class=\"alignnone size-medium wp-image-9549\" src=\"https:\/\/vsmatzen-raggendorf.ac.at\/wp-content\/uploads\/2022\/07\/20220623_225400-300x138.jpg\" alt=\"\" width=\"300\" height=\"138\" srcset=\"https:\/\/vsmatzen-raggendorf.ac.at\/wp-content\/uploads\/2022\/07\/20220623_225400-300x138.jpg 300w, https:\/\/vsmatzen-raggendorf.ac.at\/wp-content\/uploads\/2022\/07\/20220623_225400-1024x472.jpg 1024w, https:\/\/vsmatzen-raggendorf.ac.at\/wp-content\/uploads\/2022\/07\/20220623_225400-768x354.jpg 768w, https:\/\/vsmatzen-raggendorf.ac.at\/wp-content\/uploads\/2022\/07\/20220623_225400-1536x708.jpg 1536w, https:\/\/vsmatzen-raggendorf.ac.at\/wp-content\/uploads\/2022\/07\/20220623_225400-2048x944.jpg 2048w\" sizes=\"(max-width: 300px) 100vw, 300px\" \/> <img loading=\"lazy\" decoding=\"async\" class=\"alignnone size-medium wp-image-9550\" src=\"https:\/\/vsmatzen-raggendorf.ac.at\/wp-content\/uploads\/2022\/07\/20220624_095931-300x138.jpg\" alt=\"\" width=\"300\" height=\"138\" srcset=\"https:\/\/vsmatzen-raggendorf.ac.at\/wp-content\/uploads\/2022\/07\/20220624_095931-300x138.jpg 300w, https:\/\/vsmatzen-raggendorf.ac.at\/wp-content\/uploads\/2022\/07\/20220624_095931-1024x472.jpg 1024w, https:\/\/vsmatzen-raggendorf.ac.at\/wp-content\/uploads\/2022\/07\/20220624_095931-768x354.jpg 768w, https:\/\/vsmatzen-raggendorf.ac.at\/wp-content\/uploads\/2022\/07\/20220624_095931-1536x708.jpg 1536w, https:\/\/vsmatzen-raggendorf.ac.at\/wp-content\/uploads\/2022\/07\/20220624_095931-2048x944.jpg 2048w\" sizes=\"(max-width: 300px) 100vw, 300px\" \/><\/p>\n","protected":false},"excerpt":{"rendered":"<p>In der vorletzten Schulwoche erlebten die 4. Klassen noch eine Vampirlesenacht in der Schule. Nachdem die Geschichte von \u201eVamperls Sohn\u201c begonnen wurde, a\u00dfen die Kinder eine selbstgemachte Pizza auf der Dachterrasse. In der Nacht schliefen sie dann ausgezeichnet in ihren Schlafs\u00e4cken in der Klasse. Am n\u00e4chsten Morgen wurde nach einem kr\u00e4ftigen Fr\u00fchst\u00fcck die Geschichte weitergelesen. [&hellip;]<\/p>\n","protected":false},"author":10,"featured_media":0,"comment_status":"closed","ping_status":"closed","sticky":false,"template":"","format":"standard","meta":{"ngg_post_thumbnail":0,"footnotes":""},"categories":[1],"tags":[],"class_list":["post-9544","post","type-post","status-publish","format-standard","hentry","category-allgemein"],"_links":{"self":[{"href":"https:\/\/vsmatzen-raggendorf.ac.at\/index.php?rest_route=\/wp\/v2\/posts\/9544"}],"collection":[{"href":"https:\/\/vsmatzen-raggendorf.ac.at\/index.php?rest_route=\/wp\/v2\/posts"}],"about":[{"href":"https:\/\/vsmatzen-raggendorf.ac.at\/index.php?rest_route=\/wp\/v2\/types\/post"}],"author":[{"embeddable":true,"href":"https:\/\/vsmatzen-raggendorf.ac.at\/index.php?rest_route=\/wp\/v2\/users\/10"}],"replies":[{"embeddable":true,"href":"https:\/\/vsmatzen-raggendorf.ac.at\/index.php?rest_route=%2Fwp%2Fv2%2Fcomments&post=9544"}],"version-history":[{"count":1,"href":"https:\/\/vsmatzen-raggendorf.ac.at\/index.php?rest_route=\/wp\/v2\/posts\/9544\/revisions"}],"predecessor-version":[{"id":9551,"href":"https:\/\/vsmatzen-raggendorf.ac.at\/index.php?rest_route=\/wp\/v2\/posts\/9544\/revisions\/9551"}],"wp:attachment":[{"href":"https:\/\/vsmatzen-raggendorf.ac.at\/index.php?rest_route=%2Fwp%2Fv2%2Fmedia&parent=9544"}],"wp:term":[{"taxonomy":"category","embeddable":true,"href":"https:\/\/vsmatzen-raggendorf.ac.at\/index.php?rest_route=%2Fwp%2Fv2%2Fcategories&post=9544"},{"taxonomy":"post_tag","embeddable":true,"href":"https:\/\/vsmatzen-raggendorf.ac.at\/index.php?rest_route=%2Fwp%2Fv2%2Ftags&post=9544"}],"curies":[{"name":"wp","href":"https:\/\/api.w.org\/{rel}","templated":true}]}}