{"id":9536,"date":"2022-07-15T09:28:13","date_gmt":"2022-07-15T07:28:13","guid":{"rendered":"https:\/\/vsmatzen-raggendorf.ac.at\/?p=9536"},"modified":"2022-07-15T09:28:13","modified_gmt":"2022-07-15T07:28:13","slug":"fusswallfahrt-nach-raggendorf","status":"publish","type":"post","link":"https:\/\/vsmatzen-raggendorf.ac.at\/?p=9536","title":{"rendered":"Fu\u00dfwallfahrt nach Raggendorf"},"content":{"rendered":"<p>Am 22.6.2022 machten sich die Sch\u00fclerInnen der 3. und 4. Klasse, begleitet von ihren Lehrerinnen, auf den Weg zur&nbsp; Raggendorfer Kirche.<\/p>\n<p>Um 7.45 Uhr starteten die WallfahrerInnen am Josefsplatz in Matzen.<\/p>\n<p>Weiter ging es zur Hubertuskapelle Richtung Raggendorf. Dort wurde ausgiebig Pause gemacht.<\/p>\n<p>Begr\u00fc\u00dft vom Glockenklang &nbsp;gab es einen gro\u00dfen Einzug&nbsp; zum Marienaltar in der Raggendorfer Kirche.<\/p>\n<p>Empfangen wurden wir von Fr. Rabel, die sich auch Zeit nahm an unserer Rosenkranzandacht teilzunehmen.<\/p>\n<p>Mit der Bitte um Gottes Segen machten wir uns dann wieder auf den Heimweg.<\/p>\n<p>&nbsp;<\/p>\n<p><img loading=\"lazy\" decoding=\"async\" class=\"alignnone size-medium wp-image-9541\" src=\"https:\/\/vsmatzen-raggendorf.ac.at\/wp-content\/uploads\/2022\/07\/20220622_103012-138x300.jpg\" alt=\"\" width=\"138\" height=\"300\" srcset=\"https:\/\/vsmatzen-raggendorf.ac.at\/wp-content\/uploads\/2022\/07\/20220622_103012-138x300.jpg 138w, https:\/\/vsmatzen-raggendorf.ac.at\/wp-content\/uploads\/2022\/07\/20220622_103012-472x1024.jpg 472w, https:\/\/vsmatzen-raggendorf.ac.at\/wp-content\/uploads\/2022\/07\/20220622_103012-768x1666.jpg 768w, https:\/\/vsmatzen-raggendorf.ac.at\/wp-content\/uploads\/2022\/07\/20220622_103012-708x1536.jpg 708w, https:\/\/vsmatzen-raggendorf.ac.at\/wp-content\/uploads\/2022\/07\/20220622_103012-944x2048.jpg 944w, https:\/\/vsmatzen-raggendorf.ac.at\/wp-content\/uploads\/2022\/07\/20220622_103012-scaled.jpg 1180w\" sizes=\"(max-width: 138px) 100vw, 138px\" \/> <img loading=\"lazy\" decoding=\"async\" class=\"alignnone size-medium wp-image-9538\" src=\"https:\/\/vsmatzen-raggendorf.ac.at\/wp-content\/uploads\/2022\/07\/20220622_090834-138x300.jpg\" alt=\"\" width=\"138\" height=\"300\" srcset=\"https:\/\/vsmatzen-raggendorf.ac.at\/wp-content\/uploads\/2022\/07\/20220622_090834-138x300.jpg 138w, https:\/\/vsmatzen-raggendorf.ac.at\/wp-content\/uploads\/2022\/07\/20220622_090834-472x1024.jpg 472w, https:\/\/vsmatzen-raggendorf.ac.at\/wp-content\/uploads\/2022\/07\/20220622_090834-768x1666.jpg 768w, https:\/\/vsmatzen-raggendorf.ac.at\/wp-content\/uploads\/2022\/07\/20220622_090834-708x1536.jpg 708w, https:\/\/vsmatzen-raggendorf.ac.at\/wp-content\/uploads\/2022\/07\/20220622_090834-944x2048.jpg 944w, https:\/\/vsmatzen-raggendorf.ac.at\/wp-content\/uploads\/2022\/07\/20220622_090834-scaled.jpg 1180w\" sizes=\"(max-width: 138px) 100vw, 138px\" \/> <img loading=\"lazy\" decoding=\"async\" class=\"alignnone size-medium wp-image-9539\" src=\"https:\/\/vsmatzen-raggendorf.ac.at\/wp-content\/uploads\/2022\/07\/20220622_094714-138x300.jpg\" alt=\"\" width=\"138\" height=\"300\" srcset=\"https:\/\/vsmatzen-raggendorf.ac.at\/wp-content\/uploads\/2022\/07\/20220622_094714-138x300.jpg 138w, https:\/\/vsmatzen-raggendorf.ac.at\/wp-content\/uploads\/2022\/07\/20220622_094714-472x1024.jpg 472w, https:\/\/vsmatzen-raggendorf.ac.at\/wp-content\/uploads\/2022\/07\/20220622_094714-768x1667.jpg 768w, https:\/\/vsmatzen-raggendorf.ac.at\/wp-content\/uploads\/2022\/07\/20220622_094714-708x1536.jpg 708w, https:\/\/vsmatzen-raggendorf.ac.at\/wp-content\/uploads\/2022\/07\/20220622_094714-944x2048.jpg 944w, https:\/\/vsmatzen-raggendorf.ac.at\/wp-content\/uploads\/2022\/07\/20220622_094714-scaled.jpg 1180w\" sizes=\"(max-width: 138px) 100vw, 138px\" \/> <img loading=\"lazy\" decoding=\"async\" class=\"alignnone size-medium wp-image-9540\" src=\"https:\/\/vsmatzen-raggendorf.ac.at\/wp-content\/uploads\/2022\/07\/20220622_102056-300x138.jpg\" alt=\"\" width=\"300\" height=\"138\" srcset=\"https:\/\/vsmatzen-raggendorf.ac.at\/wp-content\/uploads\/2022\/07\/20220622_102056-300x138.jpg 300w, https:\/\/vsmatzen-raggendorf.ac.at\/wp-content\/uploads\/2022\/07\/20220622_102056-1024x472.jpg 1024w, https:\/\/vsmatzen-raggendorf.ac.at\/wp-content\/uploads\/2022\/07\/20220622_102056-768x354.jpg 768w, https:\/\/vsmatzen-raggendorf.ac.at\/wp-content\/uploads\/2022\/07\/20220622_102056-1536x708.jpg 1536w, https:\/\/vsmatzen-raggendorf.ac.at\/wp-content\/uploads\/2022\/07\/20220622_102056-2048x944.jpg 2048w\" sizes=\"(max-width: 300px) 100vw, 300px\" \/> <img loading=\"lazy\" decoding=\"async\" class=\"alignnone size-medium wp-image-9537\" src=\"https:\/\/vsmatzen-raggendorf.ac.at\/wp-content\/uploads\/2022\/07\/20220622_075755-300x138.jpg\" alt=\"\" width=\"300\" height=\"138\" srcset=\"https:\/\/vsmatzen-raggendorf.ac.at\/wp-content\/uploads\/2022\/07\/20220622_075755-300x138.jpg 300w, https:\/\/vsmatzen-raggendorf.ac.at\/wp-content\/uploads\/2022\/07\/20220622_075755-1024x472.jpg 1024w, https:\/\/vsmatzen-raggendorf.ac.at\/wp-content\/uploads\/2022\/07\/20220622_075755-768x354.jpg 768w, https:\/\/vsmatzen-raggendorf.ac.at\/wp-content\/uploads\/2022\/07\/20220622_075755-1536x708.jpg 1536w, https:\/\/vsmatzen-raggendorf.ac.at\/wp-content\/uploads\/2022\/07\/20220622_075755-2048x944.jpg 2048w\" sizes=\"(max-width: 300px) 100vw, 300px\" \/><\/p>\n","protected":false},"excerpt":{"rendered":"<p>Am 22.6.2022 machten sich die Sch\u00fclerInnen der 3. und 4. Klasse, begleitet von ihren Lehrerinnen, auf den Weg zur&nbsp; Raggendorfer Kirche. Um 7.45 Uhr starteten die WallfahrerInnen am Josefsplatz in Matzen. Weiter ging es zur Hubertuskapelle Richtung Raggendorf. Dort wurde ausgiebig Pause gemacht. Begr\u00fc\u00dft vom Glockenklang &nbsp;gab es einen gro\u00dfen Einzug&nbsp; zum Marienaltar in der [&hellip;]<\/p>\n","protected":false},"author":10,"featured_media":0,"comment_status":"closed","ping_status":"closed","sticky":false,"template":"","format":"standard","meta":{"ngg_post_thumbnail":0,"footnotes":""},"categories":[1],"tags":[],"class_list":["post-9536","post","type-post","status-publish","format-standard","hentry","category-allgemein"],"_links":{"self":[{"href":"https:\/\/vsmatzen-raggendorf.ac.at\/index.php?rest_route=\/wp\/v2\/posts\/9536"}],"collection":[{"href":"https:\/\/vsmatzen-raggendorf.ac.at\/index.php?rest_route=\/wp\/v2\/posts"}],"about":[{"href":"https:\/\/vsmatzen-raggendorf.ac.at\/index.php?rest_route=\/wp\/v2\/types\/post"}],"author":[{"embeddable":true,"href":"https:\/\/vsmatzen-raggendorf.ac.at\/index.php?rest_route=\/wp\/v2\/users\/10"}],"replies":[{"embeddable":true,"href":"https:\/\/vsmatzen-raggendorf.ac.at\/index.php?rest_route=%2Fwp%2Fv2%2Fcomments&post=9536"}],"version-history":[{"count":2,"href":"https:\/\/vsmatzen-raggendorf.ac.at\/index.php?rest_route=\/wp\/v2\/posts\/9536\/revisions"}],"predecessor-version":[{"id":9543,"href":"https:\/\/vsmatzen-raggendorf.ac.at\/index.php?rest_route=\/wp\/v2\/posts\/9536\/revisions\/9543"}],"wp:attachment":[{"href":"https:\/\/vsmatzen-raggendorf.ac.at\/index.php?rest_route=%2Fwp%2Fv2%2Fmedia&parent=9536"}],"wp:term":[{"taxonomy":"category","embeddable":true,"href":"https:\/\/vsmatzen-raggendorf.ac.at\/index.php?rest_route=%2Fwp%2Fv2%2Fcategories&post=9536"},{"taxonomy":"post_tag","embeddable":true,"href":"https:\/\/vsmatzen-raggendorf.ac.at\/index.php?rest_route=%2Fwp%2Fv2%2Ftags&post=9536"}],"curies":[{"name":"wp","href":"https:\/\/api.w.org\/{rel}","templated":true}]}}