{"id":9473,"date":"2021-10-15T10:32:23","date_gmt":"2021-10-15T08:32:23","guid":{"rendered":"https:\/\/vsmatzen-raggendorf.ac.at\/?p=9473"},"modified":"2021-10-15T10:32:23","modified_gmt":"2021-10-15T08:32:23","slug":"wortgottesdienstfeier-2021","status":"publish","type":"post","link":"https:\/\/vsmatzen-raggendorf.ac.at\/?p=9473","title":{"rendered":"Wortgottesdienstfeier 2021"},"content":{"rendered":"<p>Unter Einhaltung aller daf\u00fcr notwendigen Covidbestimmungen war es uns nach der langen Pandemiepause endlich wieder m\u00f6glich einen gemeinsamen Gottesdienst zu feiern.<\/p>\n<p>Mit viel Freude gestalteten die r\u00f6m.-kath. Sch\u00fclerInnen mit ihren Lehrerinnen den Worgottesdienst \u201eEin Engel an meiner Seite\u201c anl\u00e4sslich des Schutzengelfestes am 2.10., den Hr. Diakon Thaller liebevoll leitete.<\/p>\n<p>Genie\u00dfen Sie die Fotoeindr\u00fccke dazu ?<\/p>\n<p><img loading=\"lazy\" decoding=\"async\" class=\"alignnone size-medium wp-image-9474\" src=\"https:\/\/vsmatzen-raggendorf.ac.at\/wp-content\/uploads\/2021\/10\/20211001_082419-138x300.jpg\" alt=\"\" width=\"138\" height=\"300\" srcset=\"https:\/\/vsmatzen-raggendorf.ac.at\/wp-content\/uploads\/2021\/10\/20211001_082419-138x300.jpg 138w, https:\/\/vsmatzen-raggendorf.ac.at\/wp-content\/uploads\/2021\/10\/20211001_082419-472x1024.jpg 472w, https:\/\/vsmatzen-raggendorf.ac.at\/wp-content\/uploads\/2021\/10\/20211001_082419-768x1666.jpg 768w, https:\/\/vsmatzen-raggendorf.ac.at\/wp-content\/uploads\/2021\/10\/20211001_082419-708x1536.jpg 708w, https:\/\/vsmatzen-raggendorf.ac.at\/wp-content\/uploads\/2021\/10\/20211001_082419-944x2048.jpg 944w, https:\/\/vsmatzen-raggendorf.ac.at\/wp-content\/uploads\/2021\/10\/20211001_082419-scaled.jpg 1180w\" sizes=\"(max-width: 138px) 100vw, 138px\" \/> <img loading=\"lazy\" decoding=\"async\" class=\"alignnone size-medium wp-image-9475\" src=\"https:\/\/vsmatzen-raggendorf.ac.at\/wp-content\/uploads\/2021\/10\/20211001_082747-300x138.jpg\" alt=\"\" width=\"300\" height=\"138\" srcset=\"https:\/\/vsmatzen-raggendorf.ac.at\/wp-content\/uploads\/2021\/10\/20211001_082747-300x138.jpg 300w, https:\/\/vsmatzen-raggendorf.ac.at\/wp-content\/uploads\/2021\/10\/20211001_082747-1024x472.jpg 1024w, https:\/\/vsmatzen-raggendorf.ac.at\/wp-content\/uploads\/2021\/10\/20211001_082747-768x354.jpg 768w, https:\/\/vsmatzen-raggendorf.ac.at\/wp-content\/uploads\/2021\/10\/20211001_082747-1536x708.jpg 1536w, https:\/\/vsmatzen-raggendorf.ac.at\/wp-content\/uploads\/2021\/10\/20211001_082747-2048x944.jpg 2048w\" sizes=\"(max-width: 300px) 100vw, 300px\" \/> <img loading=\"lazy\" decoding=\"async\" class=\"alignnone size-medium wp-image-9476\" src=\"https:\/\/vsmatzen-raggendorf.ac.at\/wp-content\/uploads\/2021\/10\/20211001_083614-138x300.jpg\" alt=\"\" width=\"138\" height=\"300\" srcset=\"https:\/\/vsmatzen-raggendorf.ac.at\/wp-content\/uploads\/2021\/10\/20211001_083614-138x300.jpg 138w, https:\/\/vsmatzen-raggendorf.ac.at\/wp-content\/uploads\/2021\/10\/20211001_083614-472x1024.jpg 472w, https:\/\/vsmatzen-raggendorf.ac.at\/wp-content\/uploads\/2021\/10\/20211001_083614-768x1667.jpg 768w, https:\/\/vsmatzen-raggendorf.ac.at\/wp-content\/uploads\/2021\/10\/20211001_083614-708x1536.jpg 708w, https:\/\/vsmatzen-raggendorf.ac.at\/wp-content\/uploads\/2021\/10\/20211001_083614-944x2048.jpg 944w, https:\/\/vsmatzen-raggendorf.ac.at\/wp-content\/uploads\/2021\/10\/20211001_083614-scaled.jpg 1180w\" sizes=\"(max-width: 138px) 100vw, 138px\" \/> <img loading=\"lazy\" decoding=\"async\" class=\"alignnone size-medium wp-image-9477\" src=\"https:\/\/vsmatzen-raggendorf.ac.at\/wp-content\/uploads\/2021\/10\/20211001_084607-138x300.jpg\" alt=\"\" width=\"138\" height=\"300\" srcset=\"https:\/\/vsmatzen-raggendorf.ac.at\/wp-content\/uploads\/2021\/10\/20211001_084607-138x300.jpg 138w, https:\/\/vsmatzen-raggendorf.ac.at\/wp-content\/uploads\/2021\/10\/20211001_084607-472x1024.jpg 472w, https:\/\/vsmatzen-raggendorf.ac.at\/wp-content\/uploads\/2021\/10\/20211001_084607-768x1667.jpg 768w, https:\/\/vsmatzen-raggendorf.ac.at\/wp-content\/uploads\/2021\/10\/20211001_084607-708x1536.jpg 708w, https:\/\/vsmatzen-raggendorf.ac.at\/wp-content\/uploads\/2021\/10\/20211001_084607-944x2048.jpg 944w, https:\/\/vsmatzen-raggendorf.ac.at\/wp-content\/uploads\/2021\/10\/20211001_084607-scaled.jpg 1180w\" sizes=\"(max-width: 138px) 100vw, 138px\" \/> <img loading=\"lazy\" decoding=\"async\" class=\"alignnone size-medium wp-image-9478\" src=\"https:\/\/vsmatzen-raggendorf.ac.at\/wp-content\/uploads\/2021\/10\/20211001_084855-138x300.jpg\" alt=\"\" width=\"138\" height=\"300\" srcset=\"https:\/\/vsmatzen-raggendorf.ac.at\/wp-content\/uploads\/2021\/10\/20211001_084855-138x300.jpg 138w, https:\/\/vsmatzen-raggendorf.ac.at\/wp-content\/uploads\/2021\/10\/20211001_084855-472x1024.jpg 472w, https:\/\/vsmatzen-raggendorf.ac.at\/wp-content\/uploads\/2021\/10\/20211001_084855-768x1666.jpg 768w, https:\/\/vsmatzen-raggendorf.ac.at\/wp-content\/uploads\/2021\/10\/20211001_084855-708x1536.jpg 708w, https:\/\/vsmatzen-raggendorf.ac.at\/wp-content\/uploads\/2021\/10\/20211001_084855-944x2048.jpg 944w, https:\/\/vsmatzen-raggendorf.ac.at\/wp-content\/uploads\/2021\/10\/20211001_084855-scaled.jpg 1180w\" sizes=\"(max-width: 138px) 100vw, 138px\" \/> <img loading=\"lazy\" decoding=\"async\" class=\"alignnone size-medium wp-image-9479\" src=\"https:\/\/vsmatzen-raggendorf.ac.at\/wp-content\/uploads\/2021\/10\/20211001_085215-138x300.jpg\" alt=\"\" width=\"138\" height=\"300\" srcset=\"https:\/\/vsmatzen-raggendorf.ac.at\/wp-content\/uploads\/2021\/10\/20211001_085215-138x300.jpg 138w, https:\/\/vsmatzen-raggendorf.ac.at\/wp-content\/uploads\/2021\/10\/20211001_085215-472x1024.jpg 472w, https:\/\/vsmatzen-raggendorf.ac.at\/wp-content\/uploads\/2021\/10\/20211001_085215-768x1666.jpg 768w, https:\/\/vsmatzen-raggendorf.ac.at\/wp-content\/uploads\/2021\/10\/20211001_085215-708x1536.jpg 708w, https:\/\/vsmatzen-raggendorf.ac.at\/wp-content\/uploads\/2021\/10\/20211001_085215-944x2048.jpg 944w, https:\/\/vsmatzen-raggendorf.ac.at\/wp-content\/uploads\/2021\/10\/20211001_085215-scaled.jpg 1180w\" sizes=\"(max-width: 138px) 100vw, 138px\" \/> <img loading=\"lazy\" decoding=\"async\" class=\"alignnone size-medium wp-image-9480\" src=\"https:\/\/vsmatzen-raggendorf.ac.at\/wp-content\/uploads\/2021\/10\/20211001_085747-300x138.jpg\" alt=\"\" width=\"300\" height=\"138\" srcset=\"https:\/\/vsmatzen-raggendorf.ac.at\/wp-content\/uploads\/2021\/10\/20211001_085747-300x138.jpg 300w, https:\/\/vsmatzen-raggendorf.ac.at\/wp-content\/uploads\/2021\/10\/20211001_085747-1024x472.jpg 1024w, https:\/\/vsmatzen-raggendorf.ac.at\/wp-content\/uploads\/2021\/10\/20211001_085747-768x354.jpg 768w, https:\/\/vsmatzen-raggendorf.ac.at\/wp-content\/uploads\/2021\/10\/20211001_085747-1536x708.jpg 1536w, https:\/\/vsmatzen-raggendorf.ac.at\/wp-content\/uploads\/2021\/10\/20211001_085747-2048x944.jpg 2048w\" sizes=\"(max-width: 300px) 100vw, 300px\" \/> <img loading=\"lazy\" decoding=\"async\" class=\"alignnone size-medium wp-image-9481\" src=\"https:\/\/vsmatzen-raggendorf.ac.at\/wp-content\/uploads\/2021\/10\/20211001_085758-138x300.jpg\" alt=\"\" width=\"138\" height=\"300\" srcset=\"https:\/\/vsmatzen-raggendorf.ac.at\/wp-content\/uploads\/2021\/10\/20211001_085758-138x300.jpg 138w, https:\/\/vsmatzen-raggendorf.ac.at\/wp-content\/uploads\/2021\/10\/20211001_085758-472x1024.jpg 472w, https:\/\/vsmatzen-raggendorf.ac.at\/wp-content\/uploads\/2021\/10\/20211001_085758-768x1666.jpg 768w, https:\/\/vsmatzen-raggendorf.ac.at\/wp-content\/uploads\/2021\/10\/20211001_085758-708x1536.jpg 708w, https:\/\/vsmatzen-raggendorf.ac.at\/wp-content\/uploads\/2021\/10\/20211001_085758-944x2048.jpg 944w, https:\/\/vsmatzen-raggendorf.ac.at\/wp-content\/uploads\/2021\/10\/20211001_085758-scaled.jpg 1180w\" sizes=\"(max-width: 138px) 100vw, 138px\" \/> <img loading=\"lazy\" decoding=\"async\" class=\"alignnone size-medium wp-image-9482\" src=\"https:\/\/vsmatzen-raggendorf.ac.at\/wp-content\/uploads\/2021\/10\/IMG-20211001-WA0001-225x300.jpg\" alt=\"\" width=\"225\" height=\"300\" srcset=\"https:\/\/vsmatzen-raggendorf.ac.at\/wp-content\/uploads\/2021\/10\/IMG-20211001-WA0001-225x300.jpg 225w, https:\/\/vsmatzen-raggendorf.ac.at\/wp-content\/uploads\/2021\/10\/IMG-20211001-WA0001.jpg 768w\" sizes=\"(max-width: 225px) 100vw, 225px\" \/><\/p>\n","protected":false},"excerpt":{"rendered":"<p>Unter Einhaltung aller daf\u00fcr notwendigen Covidbestimmungen war es uns nach der langen Pandemiepause endlich wieder m\u00f6glich einen gemeinsamen Gottesdienst zu feiern. Mit viel Freude gestalteten die r\u00f6m.-kath. Sch\u00fclerInnen mit ihren Lehrerinnen den Worgottesdienst \u201eEin Engel an meiner Seite\u201c anl\u00e4sslich des Schutzengelfestes am 2.10., den Hr. Diakon Thaller liebevoll leitete. Genie\u00dfen Sie die Fotoeindr\u00fccke dazu ?<\/p>\n","protected":false},"author":10,"featured_media":0,"comment_status":"closed","ping_status":"closed","sticky":false,"template":"","format":"standard","meta":{"ngg_post_thumbnail":0,"footnotes":""},"categories":[1],"tags":[],"class_list":["post-9473","post","type-post","status-publish","format-standard","hentry","category-allgemein"],"_links":{"self":[{"href":"https:\/\/vsmatzen-raggendorf.ac.at\/index.php?rest_route=\/wp\/v2\/posts\/9473"}],"collection":[{"href":"https:\/\/vsmatzen-raggendorf.ac.at\/index.php?rest_route=\/wp\/v2\/posts"}],"about":[{"href":"https:\/\/vsmatzen-raggendorf.ac.at\/index.php?rest_route=\/wp\/v2\/types\/post"}],"author":[{"embeddable":true,"href":"https:\/\/vsmatzen-raggendorf.ac.at\/index.php?rest_route=\/wp\/v2\/users\/10"}],"replies":[{"embeddable":true,"href":"https:\/\/vsmatzen-raggendorf.ac.at\/index.php?rest_route=%2Fwp%2Fv2%2Fcomments&post=9473"}],"version-history":[{"count":1,"href":"https:\/\/vsmatzen-raggendorf.ac.at\/index.php?rest_route=\/wp\/v2\/posts\/9473\/revisions"}],"predecessor-version":[{"id":9483,"href":"https:\/\/vsmatzen-raggendorf.ac.at\/index.php?rest_route=\/wp\/v2\/posts\/9473\/revisions\/9483"}],"wp:attachment":[{"href":"https:\/\/vsmatzen-raggendorf.ac.at\/index.php?rest_route=%2Fwp%2Fv2%2Fmedia&parent=9473"}],"wp:term":[{"taxonomy":"category","embeddable":true,"href":"https:\/\/vsmatzen-raggendorf.ac.at\/index.php?rest_route=%2Fwp%2Fv2%2Fcategories&post=9473"},{"taxonomy":"post_tag","embeddable":true,"href":"https:\/\/vsmatzen-raggendorf.ac.at\/index.php?rest_route=%2Fwp%2Fv2%2Ftags&post=9473"}],"curies":[{"name":"wp","href":"https:\/\/api.w.org\/{rel}","templated":true}]}}