{"id":9452,"date":"2021-07-01T11:23:34","date_gmt":"2021-07-01T09:23:34","guid":{"rendered":"https:\/\/vsmatzen-raggendorf.ac.at\/?p=9452"},"modified":"2021-07-01T11:23:34","modified_gmt":"2021-07-01T09:23:34","slug":"fusswallfahrt-30-06-2021","status":"publish","type":"post","link":"https:\/\/vsmatzen-raggendorf.ac.at\/?p=9452","title":{"rendered":"Fu\u00dfwallfahrt 30.06.2021"},"content":{"rendered":"<p>Nach einem sehr turbulenten und fordernden Schuljahr pilgernden die Sch\u00fclerInnnen der 4a u. 4b im Rahmen des r\u00f6m.-kath. Religionsunterrichtes am 30.6.21, mit ihren Lehrerinnen von der VS Matzen in die Kirche Raggendorf.<\/p>\n<p>Am Marienaltar brachten sie in der Gebetsandacht all ihre pers\u00f6nlichen Bitten und ihren Dank vor Gott.<\/p>\n<p>Als Wegbegleiter in ihren neuen Lebensabschnitt durften sie eine gesegnete Jakobsmuschel (ein Pilgerzeichen der fr\u00fchen Wallfahrer) mitnehmen.<img loading=\"lazy\" decoding=\"async\" class=\"aligncenter size-large wp-image-9453\" src=\"https:\/\/vsmatzen-raggendorf.ac.at\/wp-content\/uploads\/2021\/07\/20210630_094131-1024x768.jpg\" alt=\"\" width=\"670\" height=\"503\" srcset=\"https:\/\/vsmatzen-raggendorf.ac.at\/wp-content\/uploads\/2021\/07\/20210630_094131-1024x768.jpg 1024w, https:\/\/vsmatzen-raggendorf.ac.at\/wp-content\/uploads\/2021\/07\/20210630_094131-300x225.jpg 300w, https:\/\/vsmatzen-raggendorf.ac.at\/wp-content\/uploads\/2021\/07\/20210630_094131-768x576.jpg 768w, https:\/\/vsmatzen-raggendorf.ac.at\/wp-content\/uploads\/2021\/07\/20210630_094131-1536x1152.jpg 1536w, https:\/\/vsmatzen-raggendorf.ac.at\/wp-content\/uploads\/2021\/07\/20210630_094131-2048x1536.jpg 2048w\" sizes=\"(max-width: 670px) 100vw, 670px\" \/> <img loading=\"lazy\" decoding=\"async\" class=\"aligncenter size-large wp-image-9454\" src=\"https:\/\/vsmatzen-raggendorf.ac.at\/wp-content\/uploads\/2021\/07\/20210630_104010-1024x768.jpg\" alt=\"\" width=\"670\" height=\"503\" srcset=\"https:\/\/vsmatzen-raggendorf.ac.at\/wp-content\/uploads\/2021\/07\/20210630_104010-1024x768.jpg 1024w, https:\/\/vsmatzen-raggendorf.ac.at\/wp-content\/uploads\/2021\/07\/20210630_104010-300x225.jpg 300w, https:\/\/vsmatzen-raggendorf.ac.at\/wp-content\/uploads\/2021\/07\/20210630_104010-768x576.jpg 768w, https:\/\/vsmatzen-raggendorf.ac.at\/wp-content\/uploads\/2021\/07\/20210630_104010-1536x1152.jpg 1536w, https:\/\/vsmatzen-raggendorf.ac.at\/wp-content\/uploads\/2021\/07\/20210630_104010-2048x1536.jpg 2048w\" sizes=\"(max-width: 670px) 100vw, 670px\" \/><\/p>\n","protected":false},"excerpt":{"rendered":"<p>Nach einem sehr turbulenten und fordernden Schuljahr pilgernden die Sch\u00fclerInnnen der 4a u. 4b im Rahmen des r\u00f6m.-kath. Religionsunterrichtes am 30.6.21, mit ihren Lehrerinnen von der VS Matzen in die Kirche Raggendorf. Am Marienaltar brachten sie in der Gebetsandacht all ihre pers\u00f6nlichen Bitten und ihren Dank vor Gott. Als Wegbegleiter in ihren neuen Lebensabschnitt durften [&hellip;]<\/p>\n","protected":false},"author":10,"featured_media":0,"comment_status":"closed","ping_status":"closed","sticky":false,"template":"","format":"standard","meta":{"ngg_post_thumbnail":0,"footnotes":""},"categories":[1],"tags":[],"class_list":["post-9452","post","type-post","status-publish","format-standard","hentry","category-allgemein"],"_links":{"self":[{"href":"https:\/\/vsmatzen-raggendorf.ac.at\/index.php?rest_route=\/wp\/v2\/posts\/9452"}],"collection":[{"href":"https:\/\/vsmatzen-raggendorf.ac.at\/index.php?rest_route=\/wp\/v2\/posts"}],"about":[{"href":"https:\/\/vsmatzen-raggendorf.ac.at\/index.php?rest_route=\/wp\/v2\/types\/post"}],"author":[{"embeddable":true,"href":"https:\/\/vsmatzen-raggendorf.ac.at\/index.php?rest_route=\/wp\/v2\/users\/10"}],"replies":[{"embeddable":true,"href":"https:\/\/vsmatzen-raggendorf.ac.at\/index.php?rest_route=%2Fwp%2Fv2%2Fcomments&post=9452"}],"version-history":[{"count":1,"href":"https:\/\/vsmatzen-raggendorf.ac.at\/index.php?rest_route=\/wp\/v2\/posts\/9452\/revisions"}],"predecessor-version":[{"id":9455,"href":"https:\/\/vsmatzen-raggendorf.ac.at\/index.php?rest_route=\/wp\/v2\/posts\/9452\/revisions\/9455"}],"wp:attachment":[{"href":"https:\/\/vsmatzen-raggendorf.ac.at\/index.php?rest_route=%2Fwp%2Fv2%2Fmedia&parent=9452"}],"wp:term":[{"taxonomy":"category","embeddable":true,"href":"https:\/\/vsmatzen-raggendorf.ac.at\/index.php?rest_route=%2Fwp%2Fv2%2Fcategories&post=9452"},{"taxonomy":"post_tag","embeddable":true,"href":"https:\/\/vsmatzen-raggendorf.ac.at\/index.php?rest_route=%2Fwp%2Fv2%2Ftags&post=9452"}],"curies":[{"name":"wp","href":"https:\/\/api.w.org\/{rel}","templated":true}]}}