{"id":9292,"date":"2020-03-13T21:29:34","date_gmt":"2020-03-13T19:29:34","guid":{"rendered":"http:\/\/vsmatzen-raggendorf.ac.at\/?p=9292"},"modified":"2021-10-15T10:47:46","modified_gmt":"2021-10-15T08:47:46","slug":"mini-wintersportwoche","status":"publish","type":"post","link":"https:\/\/vsmatzen-raggendorf.ac.at\/?p=9292","title":{"rendered":"Mini-Wintersportwoche"},"content":{"rendered":"<p><span style=\"font-family: arial, helvetica, sans-serif;\">Gleich nach den Weihnachtsferien fuhren die 4. Klassen der VS Matzen, mit ihren Lehrerinnen und der tatkr\u00e4ftigen Unterst\u00fctzung von Rudy Pallan, erstmalig auf eine Mini-Wintersportwoche.<\/span><\/p>\n<p><span style=\"font-family: arial, helvetica, sans-serif;\">Nach einer zweist\u00fcndigen Busfahrt kamen wir im sch\u00f6nen Annaberg an und konnten nur \u00fcber die Schneemassen staunen. Gleich nach einer St\u00e4rkung in unserer Unterkunft (JUFA Annaberg) versuchten wir uns mit den Skiern und den Snowboards auf der Piste.<\/span><\/p>\n<p><span style=\"font-family: arial, helvetica, sans-serif;\">Die Abendprogramme fanden die Kinder immer sehr am\u00fcsant und abends fielen sie ersch\u00f6pft in die Betten.<\/span><\/p>\n<p><span style=\"font-family: arial, helvetica, sans-serif;\">Bei einem Skirennen am vierten und letzten Tag konnten die Kinder ihr K\u00f6nnen unter Beweis stellen.<\/span><\/p>\n<p><span style=\"font-family: arial, helvetica, sans-serif;\">Etwas m\u00fcde und dennoch voller Begeisterung der letzten vier Tage kamen wir zuhause an.<\/span><\/p>\n<p><!--more--><\/p>\n<p><iframe loading=\"lazy\" style=\"border: none; max-width: 100%; max-height: 100vh;\" src=\"https:\/\/sway.office.com\/s\/iOWGyfAC7neFv4sH\/embed\" marginwidth=\"0\" marginheight=\"0\" scrolling=\"no\" sandbox=\"allow-forms allow-modals allow-orientation-lock allow-popups allow-same-origin allow-scripts\" allowfullscreen=\"allowfullscreen\" width=\"760px\" height=\"500px\" frameborder=\"0\"><\/iframe><\/p>\n<p><iframe max-width: 100%; max-height: 100vh; src=\"https:\/\/sway.office.com\/s\/ao0N8Jjrdl89DBL4\/embed\" frameborder=\"0\" marginheight=\"0\" marginwidth=\"0\" max-width=\"100%\" sandbox=\"allow-forms allow-modals allow-orientation-lock allow-popups allow-same-origin allow-scripts\" scrolling=\"no\" style=\"border: none; max-width: 100%; max-height: 100vh\" allowfullscreen mozallowfullscreen msallowfullscreen webkitallowfullscreen><\/iframe><\/p>\n","protected":false},"excerpt":{"rendered":"<p>Gleich nach den Weihnachtsferien fuhren die 4. Klassen der VS Matzen, mit ihren Lehrerinnen und der tatkr\u00e4ftigen Unterst\u00fctzung von Rudy Pallan, erstmalig auf eine Mini-Wintersportwoche. Nach einer zweist\u00fcndigen Busfahrt kamen wir im sch\u00f6nen Annaberg an und konnten nur \u00fcber die Schneemassen staunen. Gleich nach einer St\u00e4rkung in unserer Unterkunft (JUFA Annaberg) versuchten wir uns mit [&hellip;]<\/p>\n","protected":false},"author":10,"featured_media":9294,"comment_status":"closed","ping_status":"closed","sticky":false,"template":"","format":"standard","meta":{"ngg_post_thumbnail":0,"footnotes":""},"categories":[1],"tags":[],"class_list":["post-9292","post","type-post","status-publish","format-standard","has-post-thumbnail","hentry","category-allgemein"],"_links":{"self":[{"href":"https:\/\/vsmatzen-raggendorf.ac.at\/index.php?rest_route=\/wp\/v2\/posts\/9292"}],"collection":[{"href":"https:\/\/vsmatzen-raggendorf.ac.at\/index.php?rest_route=\/wp\/v2\/posts"}],"about":[{"href":"https:\/\/vsmatzen-raggendorf.ac.at\/index.php?rest_route=\/wp\/v2\/types\/post"}],"author":[{"embeddable":true,"href":"https:\/\/vsmatzen-raggendorf.ac.at\/index.php?rest_route=\/wp\/v2\/users\/10"}],"replies":[{"embeddable":true,"href":"https:\/\/vsmatzen-raggendorf.ac.at\/index.php?rest_route=%2Fwp%2Fv2%2Fcomments&post=9292"}],"version-history":[{"count":13,"href":"https:\/\/vsmatzen-raggendorf.ac.at\/index.php?rest_route=\/wp\/v2\/posts\/9292\/revisions"}],"predecessor-version":[{"id":9487,"href":"https:\/\/vsmatzen-raggendorf.ac.at\/index.php?rest_route=\/wp\/v2\/posts\/9292\/revisions\/9487"}],"wp:featuredmedia":[{"embeddable":true,"href":"https:\/\/vsmatzen-raggendorf.ac.at\/index.php?rest_route=\/wp\/v2\/media\/9294"}],"wp:attachment":[{"href":"https:\/\/vsmatzen-raggendorf.ac.at\/index.php?rest_route=%2Fwp%2Fv2%2Fmedia&parent=9292"}],"wp:term":[{"taxonomy":"category","embeddable":true,"href":"https:\/\/vsmatzen-raggendorf.ac.at\/index.php?rest_route=%2Fwp%2Fv2%2Fcategories&post=9292"},{"taxonomy":"post_tag","embeddable":true,"href":"https:\/\/vsmatzen-raggendorf.ac.at\/index.php?rest_route=%2Fwp%2Fv2%2Ftags&post=9292"}],"curies":[{"name":"wp","href":"https:\/\/api.w.org\/{rel}","templated":true}]}}