{"id":10351,"date":"2026-02-10T14:14:24","date_gmt":"2026-02-10T12:14:24","guid":{"rendered":"https:\/\/vsmatzen-raggendorf.ac.at\/?p=10351"},"modified":"2026-02-10T14:22:04","modified_gmt":"2026-02-10T12:22:04","slug":"schulmusical-die-geggis","status":"publish","type":"post","link":"https:\/\/vsmatzen-raggendorf.ac.at\/?p=10351","title":{"rendered":"Schulmusical \u201eDie Geggis\u201c"},"content":{"rendered":"<p data-olk-copy-source=\"MessageBody\">Ein besonderes Highlight erlebten Besucherinnen und Besucher im Veranstaltungssaal des Optimum Matzen am 20.J\u00e4nner: Die Kinder der unverbindlichen \u00dcbung \u201e<em>Darstellendes Spiel\u201c<\/em>&nbsp;pr\u00e4sentierten mit gro\u00dfer Begeisterung das Schulmusical&nbsp;<strong>\u201eDie Geggis\u201c<\/strong>.<\/p>\n<p>Mit viel Einsatz, Kreativit\u00e4t und Spielfreude brachten die jungen Darstellerinnen und Darsteller die Geschichte der roten und gr\u00fcnen Geggis auf die B\u00fchne. Wochenlang wurde geprobt, es wurden Texte gelernt, Lieder einstudiert und am B\u00fchnenbild gearbeitet. Das Ergebnis war eine mitrei\u00dfende Auff\u00fchrung, die das Publikum nicht nur zum Lachen brachte, sondern auch eine wichtige Botschaft vermittelte: Vorurteile k\u00f6nnen \u00fcberwunden werden, wenn man offen aufeinander zugeht.<\/p>\n<p>Die Kinder \u00fcberzeugten mit ihrem schauspielerischen Talent, ihrem Mut auf der B\u00fchne und ihrem gro\u00dfartigen Teamgeist. Der langanhaltende Applaus am Ende der Vorstellung war der verdiente Lohn f\u00fcr ihre harte Arbeit.<\/p>\n<p><img loading=\"lazy\" decoding=\"async\" class=\"alignnone size-medium wp-image-10354\" src=\"https:\/\/vsmatzen-raggendorf.ac.at\/wp-content\/uploads\/2026\/02\/Foto-Muscial-Geggis-300x140.jpg\" alt=\"\" width=\"300\" height=\"140\" srcset=\"https:\/\/vsmatzen-raggendorf.ac.at\/wp-content\/uploads\/2026\/02\/Foto-Muscial-Geggis-300x140.jpg 300w, https:\/\/vsmatzen-raggendorf.ac.at\/wp-content\/uploads\/2026\/02\/Foto-Muscial-Geggis-1024x479.jpg 1024w, https:\/\/vsmatzen-raggendorf.ac.at\/wp-content\/uploads\/2026\/02\/Foto-Muscial-Geggis-768x359.jpg 768w, https:\/\/vsmatzen-raggendorf.ac.at\/wp-content\/uploads\/2026\/02\/Foto-Muscial-Geggis-1536x718.jpg 1536w, https:\/\/vsmatzen-raggendorf.ac.at\/wp-content\/uploads\/2026\/02\/Foto-Muscial-Geggis.jpg 1863w\" sizes=\"(max-width: 300px) 100vw, 300px\" \/><\/p>\n<p><a href=\"https:\/\/vsmatzenraggendorf.sharepoint.com\/:f:\/s\/ALLE_Lehrer\/IgCZHH4-XGjARIy9eHq1EvPxAazewgyd87IaldtzHmcLAFU?e=CNkvhV\">&gt;&gt;Bilder&lt;&lt;<\/a><\/p>\n","protected":false},"excerpt":{"rendered":"<p>Ein besonderes Highlight erlebten Besucherinnen und Besucher im Veranstaltungssaal des Optimum Matzen am 20.J\u00e4nner: Die Kinder der unverbindlichen \u00dcbung \u201eDarstellendes Spiel\u201c&nbsp;pr\u00e4sentierten mit gro\u00dfer Begeisterung das Schulmusical&nbsp;\u201eDie Geggis\u201c. Mit viel Einsatz, Kreativit\u00e4t und Spielfreude brachten die jungen Darstellerinnen und Darsteller die Geschichte der roten und gr\u00fcnen Geggis auf die B\u00fchne. Wochenlang wurde geprobt, es wurden Texte [&hellip;]<\/p>\n","protected":false},"author":10,"featured_media":0,"comment_status":"closed","ping_status":"closed","sticky":false,"template":"","format":"standard","meta":{"ngg_post_thumbnail":0,"footnotes":""},"categories":[1],"tags":[],"class_list":["post-10351","post","type-post","status-publish","format-standard","hentry","category-allgemein"],"_links":{"self":[{"href":"https:\/\/vsmatzen-raggendorf.ac.at\/index.php?rest_route=\/wp\/v2\/posts\/10351"}],"collection":[{"href":"https:\/\/vsmatzen-raggendorf.ac.at\/index.php?rest_route=\/wp\/v2\/posts"}],"about":[{"href":"https:\/\/vsmatzen-raggendorf.ac.at\/index.php?rest_route=\/wp\/v2\/types\/post"}],"author":[{"embeddable":true,"href":"https:\/\/vsmatzen-raggendorf.ac.at\/index.php?rest_route=\/wp\/v2\/users\/10"}],"replies":[{"embeddable":true,"href":"https:\/\/vsmatzen-raggendorf.ac.at\/index.php?rest_route=%2Fwp%2Fv2%2Fcomments&post=10351"}],"version-history":[{"count":3,"href":"https:\/\/vsmatzen-raggendorf.ac.at\/index.php?rest_route=\/wp\/v2\/posts\/10351\/revisions"}],"predecessor-version":[{"id":10355,"href":"https:\/\/vsmatzen-raggendorf.ac.at\/index.php?rest_route=\/wp\/v2\/posts\/10351\/revisions\/10355"}],"wp:attachment":[{"href":"https:\/\/vsmatzen-raggendorf.ac.at\/index.php?rest_route=%2Fwp%2Fv2%2Fmedia&parent=10351"}],"wp:term":[{"taxonomy":"category","embeddable":true,"href":"https:\/\/vsmatzen-raggendorf.ac.at\/index.php?rest_route=%2Fwp%2Fv2%2Fcategories&post=10351"},{"taxonomy":"post_tag","embeddable":true,"href":"https:\/\/vsmatzen-raggendorf.ac.at\/index.php?rest_route=%2Fwp%2Fv2%2Ftags&post=10351"}],"curies":[{"name":"wp","href":"https:\/\/api.w.org\/{rel}","templated":true}]}}