{"id":10333,"date":"2025-12-22T13:26:22","date_gmt":"2025-12-22T11:26:22","guid":{"rendered":"https:\/\/vsmatzen-raggendorf.ac.at\/?p=10333"},"modified":"2025-12-22T13:28:19","modified_gmt":"2025-12-22T11:28:19","slug":"10333","status":"publish","type":"post","link":"https:\/\/vsmatzen-raggendorf.ac.at\/?p=10333","title":{"rendered":"Weihnachtsatelier"},"content":{"rendered":"<p class=\"x_MsoNormal\" data-olk-copy-source=\"MessageBody\">Am 19. und 22.Dezember 2025 fand unser Weihnachtsatelier statt. F\u00fcr die Kinder wurden verschiedene Stationen von den Lehrerinnen und Lehrern der Volksschule vorbereitet: ein Menschenmemory, eine Keksstation, gemeinsames Musizieren, Basteln, eine Malstation und ein Turn-Parcours. Die Kinder wurden in Gruppen eingeteilt und waren mit gro\u00dfer Begeisterung dabei. \u00dcberall war eine fr\u00f6hliche Stimmung zu sp\u00fcren und alle hatten sichtlich Spa\u00df an den abwechslungsreichen Angeboten.<\/p>\n<p class=\"x_MsoNormal\">Das Weihnachtsatelier 2025 war ein voller Erfolg und bereitete allen Beteiligten viel Freude.<\/p>\n<p>&nbsp;<\/p>\n<p><img loading=\"lazy\" decoding=\"async\" class=\"alignnone size-medium wp-image-10337\" src=\"https:\/\/vsmatzen-raggendorf.ac.at\/wp-content\/uploads\/2025\/12\/IMG_20251219_100416-300x225.jpg\" alt=\"\" width=\"300\" height=\"225\" srcset=\"https:\/\/vsmatzen-raggendorf.ac.at\/wp-content\/uploads\/2025\/12\/IMG_20251219_100416-300x225.jpg 300w, https:\/\/vsmatzen-raggendorf.ac.at\/wp-content\/uploads\/2025\/12\/IMG_20251219_100416-1024x768.jpg 1024w, https:\/\/vsmatzen-raggendorf.ac.at\/wp-content\/uploads\/2025\/12\/IMG_20251219_100416-768x576.jpg 768w, https:\/\/vsmatzen-raggendorf.ac.at\/wp-content\/uploads\/2025\/12\/IMG_20251219_100416-1536x1152.jpg 1536w, https:\/\/vsmatzen-raggendorf.ac.at\/wp-content\/uploads\/2025\/12\/IMG_20251219_100416-2048x1536.jpg 2048w\" sizes=\"(max-width: 300px) 100vw, 300px\" \/><\/p>\n<p><a href=\"https:\/\/vsmatzenraggendorf.sharepoint.com\/:f:\/s\/ALLE_Lehrer\/IgDudCEGqUCCR5hiXZtLCbkhAaHB3VBXjXvqdWcSQJagmZo?e=wF7VNv\">&gt;&gt;Bilder&lt;&lt;<\/a><\/p>\n","protected":false},"excerpt":{"rendered":"<p>Am 19. und 22.Dezember 2025 fand unser Weihnachtsatelier statt. F\u00fcr die Kinder wurden verschiedene Stationen von den Lehrerinnen und Lehrern der Volksschule vorbereitet: ein Menschenmemory, eine Keksstation, gemeinsames Musizieren, Basteln, eine Malstation und ein Turn-Parcours. Die Kinder wurden in Gruppen eingeteilt und waren mit gro\u00dfer Begeisterung dabei. \u00dcberall war eine fr\u00f6hliche Stimmung zu sp\u00fcren und [&hellip;]<\/p>\n","protected":false},"author":10,"featured_media":0,"comment_status":"closed","ping_status":"closed","sticky":false,"template":"","format":"standard","meta":{"ngg_post_thumbnail":0,"footnotes":""},"categories":[1],"tags":[],"class_list":["post-10333","post","type-post","status-publish","format-standard","hentry","category-allgemein"],"_links":{"self":[{"href":"https:\/\/vsmatzen-raggendorf.ac.at\/index.php?rest_route=\/wp\/v2\/posts\/10333"}],"collection":[{"href":"https:\/\/vsmatzen-raggendorf.ac.at\/index.php?rest_route=\/wp\/v2\/posts"}],"about":[{"href":"https:\/\/vsmatzen-raggendorf.ac.at\/index.php?rest_route=\/wp\/v2\/types\/post"}],"author":[{"embeddable":true,"href":"https:\/\/vsmatzen-raggendorf.ac.at\/index.php?rest_route=\/wp\/v2\/users\/10"}],"replies":[{"embeddable":true,"href":"https:\/\/vsmatzen-raggendorf.ac.at\/index.php?rest_route=%2Fwp%2Fv2%2Fcomments&post=10333"}],"version-history":[{"count":5,"href":"https:\/\/vsmatzen-raggendorf.ac.at\/index.php?rest_route=\/wp\/v2\/posts\/10333\/revisions"}],"predecessor-version":[{"id":10341,"href":"https:\/\/vsmatzen-raggendorf.ac.at\/index.php?rest_route=\/wp\/v2\/posts\/10333\/revisions\/10341"}],"wp:attachment":[{"href":"https:\/\/vsmatzen-raggendorf.ac.at\/index.php?rest_route=%2Fwp%2Fv2%2Fmedia&parent=10333"}],"wp:term":[{"taxonomy":"category","embeddable":true,"href":"https:\/\/vsmatzen-raggendorf.ac.at\/index.php?rest_route=%2Fwp%2Fv2%2Fcategories&post=10333"},{"taxonomy":"post_tag","embeddable":true,"href":"https:\/\/vsmatzen-raggendorf.ac.at\/index.php?rest_route=%2Fwp%2Fv2%2Ftags&post=10333"}],"curies":[{"name":"wp","href":"https:\/\/api.w.org\/{rel}","templated":true}]}}