{"id":10070,"date":"2024-10-16T07:01:23","date_gmt":"2024-10-16T05:01:23","guid":{"rendered":"https:\/\/vsmatzen-raggendorf.ac.at\/?p=10070"},"modified":"2024-10-23T13:56:37","modified_gmt":"2024-10-23T11:56:37","slug":"klimameilen","status":"publish","type":"post","link":"https:\/\/vsmatzen-raggendorf.ac.at\/?p=10070","title":{"rendered":"Klimameilen"},"content":{"rendered":"<p>Im Zuge der Klimameilen-Kampagne von Klimab\u00fcndnis \u00d6sterreich haben wir 1279 Klimameilen gesammelt.<\/p>\n<p>Die Ergebnisse werden bei der 29. UN-Klimakonferenz in Aserbaidschan pr\u00e4sentiert.<\/p>\n<p>&nbsp;<\/p>\n","protected":false},"excerpt":{"rendered":"<p>Im Zuge der Klimameilen-Kampagne von Klimab\u00fcndnis \u00d6sterreich haben wir 1279 Klimameilen gesammelt. Die Ergebnisse werden bei der 29. UN-Klimakonferenz in Aserbaidschan pr\u00e4sentiert. &nbsp;<\/p>\n","protected":false},"author":10,"featured_media":10071,"comment_status":"closed","ping_status":"closed","sticky":false,"template":"","format":"standard","meta":{"ngg_post_thumbnail":0,"footnotes":""},"categories":[1],"tags":[],"class_list":["post-10070","post","type-post","status-publish","format-standard","has-post-thumbnail","hentry","category-allgemein"],"_links":{"self":[{"href":"https:\/\/vsmatzen-raggendorf.ac.at\/index.php?rest_route=\/wp\/v2\/posts\/10070"}],"collection":[{"href":"https:\/\/vsmatzen-raggendorf.ac.at\/index.php?rest_route=\/wp\/v2\/posts"}],"about":[{"href":"https:\/\/vsmatzen-raggendorf.ac.at\/index.php?rest_route=\/wp\/v2\/types\/post"}],"author":[{"embeddable":true,"href":"https:\/\/vsmatzen-raggendorf.ac.at\/index.php?rest_route=\/wp\/v2\/users\/10"}],"replies":[{"embeddable":true,"href":"https:\/\/vsmatzen-raggendorf.ac.at\/index.php?rest_route=%2Fwp%2Fv2%2Fcomments&post=10070"}],"version-history":[{"count":3,"href":"https:\/\/vsmatzen-raggendorf.ac.at\/index.php?rest_route=\/wp\/v2\/posts\/10070\/revisions"}],"predecessor-version":[{"id":10079,"href":"https:\/\/vsmatzen-raggendorf.ac.at\/index.php?rest_route=\/wp\/v2\/posts\/10070\/revisions\/10079"}],"wp:featuredmedia":[{"embeddable":true,"href":"https:\/\/vsmatzen-raggendorf.ac.at\/index.php?rest_route=\/wp\/v2\/media\/10071"}],"wp:attachment":[{"href":"https:\/\/vsmatzen-raggendorf.ac.at\/index.php?rest_route=%2Fwp%2Fv2%2Fmedia&parent=10070"}],"wp:term":[{"taxonomy":"category","embeddable":true,"href":"https:\/\/vsmatzen-raggendorf.ac.at\/index.php?rest_route=%2Fwp%2Fv2%2Fcategories&post=10070"},{"taxonomy":"post_tag","embeddable":true,"href":"https:\/\/vsmatzen-raggendorf.ac.at\/index.php?rest_route=%2Fwp%2Fv2%2Ftags&post=10070"}],"curies":[{"name":"wp","href":"https:\/\/api.w.org\/{rel}","templated":true}]}}